{"id":33159,"date":"2025-09-15T20:27:58","date_gmt":"2025-09-15T18:27:58","guid":{"rendered":"https:\/\/www.hasparren-rugby.eus\/?p=33159"},"modified":"2025-09-15T20:27:59","modified_gmt":"2025-09-15T18:27:59","slug":"nos-cadettes-preparent-le-championnat","status":"publish","type":"post","link":"https:\/\/www.hasparren-rugby.eus\/eu\/actualites\/cadettes-2\/nos-cadettes-preparent-le-championnat","title":{"rendered":"Nos cadettes pr\u00e9parent le championnat"},"content":{"rendered":"\n<p>Nos cadettes ont pass\u00e9 deux jours dans une borde \u00e0 Suhescun, un week-end de coh\u00e9sion r\u00e9ussi.<\/p>\n\n\n\n<p>D\u2019abord, un apr\u00e8s-midi sportif organis\u00e9 autour des jeux de force basque avant de passer une soir\u00e9e en plein air autour d\u2019un repas et d\u2019un grand feu de joie.<\/p>\n\n\n\n<p>Cette ann\u00e9e les cadettes joueront \u00e0 15, un nouveau d\u00e9fi pour ce groupe d\u2019environ 25 joueuses, minimes qui montent, cadettes de l\u2019ann\u00e9e derni\u00e8re et nouvelles recrues. Nous souhaitons \u00e9toffer le groupe et sommes \u00e0 la recherche de nouvelles joueuses, les d\u00e9butantes sont accept\u00e9es (ann\u00e9es 2008, 2009 et 2010).<\/p>\n\n\n\n<figure class=\"wp-block-gallery has-nested-images columns-default is-cropped wp-block-gallery-1 is-layout-flex wp-block-gallery-is-layout-flex\">\n<figure class=\"wp-block-image size-large\"><img loading=\"lazy\" decoding=\"async\" width=\"1024\" height=\"461\" data-id=\"33160\" src=\"https:\/\/www.hasparren-rugby.eus\/wp-content\/uploads\/2025\/09\/IMG-20250913-WA0001-1024x461.jpg\" alt=\"\" class=\"wp-image-33160\" srcset=\"https:\/\/www.hasparren-rugby.eus\/wp-content\/uploads\/2025\/09\/IMG-20250913-WA0001-1024x461.jpg 1024w, https:\/\/www.hasparren-rugby.eus\/wp-content\/uploads\/2025\/09\/IMG-20250913-WA0001-300x135.jpg 300w, https:\/\/www.hasparren-rugby.eus\/wp-content\/uploads\/2025\/09\/IMG-20250913-WA0001-768x346.jpg 768w, https:\/\/www.hasparren-rugby.eus\/wp-content\/uploads\/2025\/09\/IMG-20250913-WA0001-1536x691.jpg 1536w, https:\/\/www.hasparren-rugby.eus\/wp-content\/uploads\/2025\/09\/IMG-20250913-WA0001-1200x540.jpg 1200w, https:\/\/www.hasparren-rugby.eus\/wp-content\/uploads\/2025\/09\/IMG-20250913-WA0001-1980x891.jpg 1980w, https:\/\/www.hasparren-rugby.eus\/wp-content\/uploads\/2025\/09\/IMG-20250913-WA0001-100x45.jpg 100w, https:\/\/www.hasparren-rugby.eus\/wp-content\/uploads\/2025\/09\/IMG-20250913-WA0001-200x90.jpg 200w, https:\/\/www.hasparren-rugby.eus\/wp-content\/uploads\/2025\/09\/IMG-20250913-WA0001.jpg 2040w\" sizes=\"auto, (max-width: 1024px) 100vw, 1024px\" \/><\/figure>\n\n\n\n<figure class=\"wp-block-image size-large\"><img loading=\"lazy\" decoding=\"async\" width=\"768\" height=\"1024\" data-id=\"33164\" src=\"https:\/\/www.hasparren-rugby.eus\/wp-content\/uploads\/2025\/09\/IMG-20250915-WA0016-768x1024.jpg\" alt=\"\" class=\"wp-image-33164\" srcset=\"https:\/\/www.hasparren-rugby.eus\/wp-content\/uploads\/2025\/09\/IMG-20250915-WA0016-768x1024.jpg 768w, https:\/\/www.hasparren-rugby.eus\/wp-content\/uploads\/2025\/09\/IMG-20250915-WA0016-225x300.jpg 225w, https:\/\/www.hasparren-rugby.eus\/wp-content\/uploads\/2025\/09\/IMG-20250915-WA0016-1152x1536.jpg 1152w, https:\/\/www.hasparren-rugby.eus\/wp-content\/uploads\/2025\/09\/IMG-20250915-WA0016-75x100.jpg 75w, https:\/\/www.hasparren-rugby.eus\/wp-content\/uploads\/2025\/09\/IMG-20250915-WA0016-150x200.jpg 150w, https:\/\/www.hasparren-rugby.eus\/wp-content\/uploads\/2025\/09\/IMG-20250915-WA0016.jpg 1200w\" sizes=\"auto, (max-width: 768px) 100vw, 768px\" \/><\/figure>\n\n\n\n<figure class=\"wp-block-image size-large\"><img loading=\"lazy\" decoding=\"async\" width=\"768\" height=\"1024\" data-id=\"33166\" src=\"https:\/\/www.hasparren-rugby.eus\/wp-content\/uploads\/2025\/09\/IMG-20250915-WA0012-768x1024.jpg\" alt=\"\" class=\"wp-image-33166\" srcset=\"https:\/\/www.hasparren-rugby.eus\/wp-content\/uploads\/2025\/09\/IMG-20250915-WA0012-768x1024.jpg 768w, https:\/\/www.hasparren-rugby.eus\/wp-content\/uploads\/2025\/09\/IMG-20250915-WA0012-225x300.jpg 225w, https:\/\/www.hasparren-rugby.eus\/wp-content\/uploads\/2025\/09\/IMG-20250915-WA0012-1152x1536.jpg 1152w, https:\/\/www.hasparren-rugby.eus\/wp-content\/uploads\/2025\/09\/IMG-20250915-WA0012-75x100.jpg 75w, https:\/\/www.hasparren-rugby.eus\/wp-content\/uploads\/2025\/09\/IMG-20250915-WA0012-150x200.jpg 150w, https:\/\/www.hasparren-rugby.eus\/wp-content\/uploads\/2025\/09\/IMG-20250915-WA0012.jpg 1200w\" sizes=\"auto, (max-width: 768px) 100vw, 768px\" \/><\/figure>\n\n\n\n<figure class=\"wp-block-image size-large\"><img loading=\"lazy\" decoding=\"async\" width=\"1024\" height=\"768\" data-id=\"33162\" src=\"https:\/\/www.hasparren-rugby.eus\/wp-content\/uploads\/2025\/09\/IMG-20250915-WA0005-1024x768.jpg\" alt=\"\" class=\"wp-image-33162\" srcset=\"https:\/\/www.hasparren-rugby.eus\/wp-content\/uploads\/2025\/09\/IMG-20250915-WA0005-1024x768.jpg 1024w, https:\/\/www.hasparren-rugby.eus\/wp-content\/uploads\/2025\/09\/IMG-20250915-WA0005-300x225.jpg 300w, https:\/\/www.hasparren-rugby.eus\/wp-content\/uploads\/2025\/09\/IMG-20250915-WA0005-768x576.jpg 768w, https:\/\/www.hasparren-rugby.eus\/wp-content\/uploads\/2025\/09\/IMG-20250915-WA0005-1536x1152.jpg 1536w, https:\/\/www.hasparren-rugby.eus\/wp-content\/uploads\/2025\/09\/IMG-20250915-WA0005-1200x900.jpg 1200w, https:\/\/www.hasparren-rugby.eus\/wp-content\/uploads\/2025\/09\/IMG-20250915-WA0005-100x75.jpg 100w, https:\/\/www.hasparren-rugby.eus\/wp-content\/uploads\/2025\/09\/IMG-20250915-WA0005-200x150.jpg 200w, https:\/\/www.hasparren-rugby.eus\/wp-content\/uploads\/2025\/09\/IMG-20250915-WA0005.jpg 1600w\" sizes=\"auto, (max-width: 1024px) 100vw, 1024px\" \/><\/figure>\n<\/figure>\n","protected":false},"excerpt":{"rendered":"<p>Nos cadettes ont pass\u00e9 deux jours dans une borde \u00e0 Suhescun, un week-end de coh\u00e9sion r\u00e9ussi. D\u2019abord, un apr\u00e8s-midi sportif organis\u00e9 autour des jeux de force basque avant de passer une soir\u00e9e en plein air autour d\u2019un repas et d\u2019un grand feu de joie. Cette ann\u00e9e les cadettes joueront \u00e0 15, un nouveau d\u00e9fi pour [&hellip;]<\/p>\n","protected":false},"author":6,"featured_media":33160,"comment_status":"open","ping_status":"open","sticky":false,"template":"","format":"standard","meta":{"_acf_changed":false,"footnotes":""},"categories":[75,76],"tags":[],"saison":[],"class_list":["post-33159","post","type-post","status-publish","format-standard","has-post-thumbnail","hentry","category-cadettes","category-cadettes-2"],"acf":[],"yoast_head":"<!-- This site is optimized with the Yoast SEO plugin v27.4 - https:\/\/yoast.com\/product\/yoast-seo-wordpress\/ -->\n<title>Nos cadettes pr\u00e9parent le championnat - Hasparren Athl\u00e9tic Club<\/title>\n<meta name=\"description\" content=\"Week-end de coh\u00e9sion pour nos cadettes avec des jeux de force basque et une soir\u00e9e autour du feu. Cette ann\u00e9e nos cadettes joueront \u00e0 15.\" \/>\n<meta name=\"robots\" content=\"index, follow, max-snippet:-1, max-image-preview:large, max-video-preview:-1\" \/>\n<link rel=\"canonical\" href=\"https:\/\/www.hasparren-rugby.eus\/eu\/actualites\/cadettes-2\/nos-cadettes-preparent-le-championnat\" \/>\n<meta property=\"og:locale\" content=\"eu_ES\" \/>\n<meta property=\"og:type\" content=\"article\" \/>\n<meta property=\"og:title\" content=\"Nos cadettes pr\u00e9parent le championnat - Hasparren Athl\u00e9tic Club\" \/>\n<meta property=\"og:description\" content=\"Week-end de coh\u00e9sion pour nos cadettes avec des jeux de force basque et une soir\u00e9e autour du feu. Cette ann\u00e9e nos cadettes joueront \u00e0 15.\" \/>\n<meta property=\"og:url\" content=\"https:\/\/www.hasparren-rugby.eus\/eu\/actualites\/cadettes-2\/nos-cadettes-preparent-le-championnat\" \/>\n<meta property=\"og:site_name\" content=\"Hasparren Athl\u00e9tic Club\" \/>\n<meta property=\"article:published_time\" content=\"2025-09-15T18:27:58+00:00\" \/>\n<meta property=\"article:modified_time\" content=\"2025-09-15T18:27:59+00:00\" \/>\n<meta property=\"og:image\" content=\"https:\/\/www.hasparren-rugby.eus\/wp-content\/uploads\/2025\/09\/IMG-20250913-WA0001.jpg\" \/>\n\t<meta property=\"og:image:width\" content=\"2040\" \/>\n\t<meta property=\"og:image:height\" content=\"918\" \/>\n\t<meta property=\"og:image:type\" content=\"image\/jpeg\" \/>\n<meta name=\"author\" content=\"Antton Huffschmitt\" \/>\n<meta name=\"twitter:card\" content=\"summary_large_image\" \/>\n<meta name=\"twitter:label1\" content=\"Written by\" \/>\n\t<meta name=\"twitter:data1\" content=\"Antton Huffschmitt\" \/>\n\t<meta name=\"twitter:label2\" content=\"Est. reading time\" \/>\n\t<meta name=\"twitter:data2\" content=\"2 minutes\" \/>\n<script type=\"application\/ld+json\" class=\"yoast-schema-graph\">{\"@context\":\"https:\\\/\\\/schema.org\",\"@graph\":[{\"@type\":\"Article\",\"@id\":\"https:\\\/\\\/www.hasparren-rugby.eus\\\/eu\\\/actualites\\\/cadettes-2\\\/nos-cadettes-preparent-le-championnat#article\",\"isPartOf\":{\"@id\":\"https:\\\/\\\/www.hasparren-rugby.eus\\\/eu\\\/actualites\\\/cadettes-2\\\/nos-cadettes-preparent-le-championnat\"},\"author\":{\"name\":\"Antton Huffschmitt\",\"@id\":\"https:\\\/\\\/www.hasparren-rugby.eus\\\/eu#\\\/schema\\\/person\\\/5b4fe4e81c7641fc4f88341814c4d50d\"},\"headline\":\"Nos cadettes pr\u00e9parent le championnat\",\"datePublished\":\"2025-09-15T18:27:58+00:00\",\"dateModified\":\"2025-09-15T18:27:59+00:00\",\"mainEntityOfPage\":{\"@id\":\"https:\\\/\\\/www.hasparren-rugby.eus\\\/eu\\\/actualites\\\/cadettes-2\\\/nos-cadettes-preparent-le-championnat\"},\"wordCount\":106,\"commentCount\":0,\"publisher\":{\"@id\":\"https:\\\/\\\/www.hasparren-rugby.eus\\\/eu#organization\"},\"image\":{\"@id\":\"https:\\\/\\\/www.hasparren-rugby.eus\\\/eu\\\/actualites\\\/cadettes-2\\\/nos-cadettes-preparent-le-championnat#primaryimage\"},\"thumbnailUrl\":\"https:\\\/\\\/www.hasparren-rugby.eus\\\/wp-content\\\/uploads\\\/2025\\\/09\\\/IMG-20250913-WA0001.jpg\",\"articleSection\":[\"Cadettes\",\"Cadettes\"],\"inLanguage\":\"eu-ES\",\"potentialAction\":[{\"@type\":\"CommentAction\",\"name\":\"Comment\",\"target\":[\"https:\\\/\\\/www.hasparren-rugby.eus\\\/eu\\\/actualites\\\/cadettes-2\\\/nos-cadettes-preparent-le-championnat#respond\"]}]},{\"@type\":\"WebPage\",\"@id\":\"https:\\\/\\\/www.hasparren-rugby.eus\\\/eu\\\/actualites\\\/cadettes-2\\\/nos-cadettes-preparent-le-championnat\",\"url\":\"https:\\\/\\\/www.hasparren-rugby.eus\\\/eu\\\/actualites\\\/cadettes-2\\\/nos-cadettes-preparent-le-championnat\",\"name\":\"Nos cadettes pr\u00e9parent le championnat - Hasparren Athl\u00e9tic Club\",\"isPartOf\":{\"@id\":\"https:\\\/\\\/www.hasparren-rugby.eus\\\/eu#website\"},\"primaryImageOfPage\":{\"@id\":\"https:\\\/\\\/www.hasparren-rugby.eus\\\/eu\\\/actualites\\\/cadettes-2\\\/nos-cadettes-preparent-le-championnat#primaryimage\"},\"image\":{\"@id\":\"https:\\\/\\\/www.hasparren-rugby.eus\\\/eu\\\/actualites\\\/cadettes-2\\\/nos-cadettes-preparent-le-championnat#primaryimage\"},\"thumbnailUrl\":\"https:\\\/\\\/www.hasparren-rugby.eus\\\/wp-content\\\/uploads\\\/2025\\\/09\\\/IMG-20250913-WA0001.jpg\",\"datePublished\":\"2025-09-15T18:27:58+00:00\",\"dateModified\":\"2025-09-15T18:27:59+00:00\",\"description\":\"Week-end de coh\u00e9sion pour nos cadettes avec des jeux de force basque et une soir\u00e9e autour du feu. Cette ann\u00e9e nos cadettes joueront \u00e0 15.\",\"breadcrumb\":{\"@id\":\"https:\\\/\\\/www.hasparren-rugby.eus\\\/eu\\\/actualites\\\/cadettes-2\\\/nos-cadettes-preparent-le-championnat#breadcrumb\"},\"inLanguage\":\"eu-ES\",\"potentialAction\":[{\"@type\":\"ReadAction\",\"target\":[\"https:\\\/\\\/www.hasparren-rugby.eus\\\/eu\\\/actualites\\\/cadettes-2\\\/nos-cadettes-preparent-le-championnat\"]}]},{\"@type\":\"ImageObject\",\"inLanguage\":\"eu-ES\",\"@id\":\"https:\\\/\\\/www.hasparren-rugby.eus\\\/eu\\\/actualites\\\/cadettes-2\\\/nos-cadettes-preparent-le-championnat#primaryimage\",\"url\":\"https:\\\/\\\/www.hasparren-rugby.eus\\\/wp-content\\\/uploads\\\/2025\\\/09\\\/IMG-20250913-WA0001.jpg\",\"contentUrl\":\"https:\\\/\\\/www.hasparren-rugby.eus\\\/wp-content\\\/uploads\\\/2025\\\/09\\\/IMG-20250913-WA0001.jpg\",\"width\":2040,\"height\":918},{\"@type\":\"BreadcrumbList\",\"@id\":\"https:\\\/\\\/www.hasparren-rugby.eus\\\/eu\\\/actualites\\\/cadettes-2\\\/nos-cadettes-preparent-le-championnat#breadcrumb\",\"itemListElement\":[{\"@type\":\"ListItem\",\"position\":1,\"name\":\"Accueil\",\"item\":\"https:\\\/\\\/www.hasparren-rugby.eus\\\/eu\"},{\"@type\":\"ListItem\",\"position\":2,\"name\":\"Nos cadettes pr\u00e9parent le championnat\"}]},{\"@type\":\"WebSite\",\"@id\":\"https:\\\/\\\/www.hasparren-rugby.eus\\\/eu#website\",\"url\":\"https:\\\/\\\/www.hasparren-rugby.eus\\\/eu\",\"name\":\"Hasparren Athl\u00e9tic Club\",\"description\":\"\",\"publisher\":{\"@id\":\"https:\\\/\\\/www.hasparren-rugby.eus\\\/eu#organization\"},\"potentialAction\":[{\"@type\":\"SearchAction\",\"target\":{\"@type\":\"EntryPoint\",\"urlTemplate\":\"https:\\\/\\\/www.hasparren-rugby.eus\\\/eu?s={search_term_string}\"},\"query-input\":{\"@type\":\"PropertyValueSpecification\",\"valueRequired\":true,\"valueName\":\"search_term_string\"}}],\"inLanguage\":\"eu-ES\"},{\"@type\":\"Organization\",\"@id\":\"https:\\\/\\\/www.hasparren-rugby.eus\\\/eu#organization\",\"name\":\"Hasparren Athl\u00e9tic Club\",\"url\":\"https:\\\/\\\/www.hasparren-rugby.eus\\\/eu\",\"logo\":{\"@type\":\"ImageObject\",\"inLanguage\":\"eu-ES\",\"@id\":\"https:\\\/\\\/www.hasparren-rugby.eus\\\/eu#\\\/schema\\\/logo\\\/image\\\/\",\"url\":\"https:\\\/\\\/www.hasparren-rugby.eus\\\/wp-content\\\/uploads\\\/2024\\\/03\\\/cropped-HAC-PNG.png\",\"contentUrl\":\"https:\\\/\\\/www.hasparren-rugby.eus\\\/wp-content\\\/uploads\\\/2024\\\/03\\\/cropped-HAC-PNG.png\",\"width\":759,\"height\":897,\"caption\":\"Hasparren Athl\u00e9tic Club\"},\"image\":{\"@id\":\"https:\\\/\\\/www.hasparren-rugby.eus\\\/eu#\\\/schema\\\/logo\\\/image\\\/\"}},{\"@type\":\"Person\",\"@id\":\"https:\\\/\\\/www.hasparren-rugby.eus\\\/eu#\\\/schema\\\/person\\\/5b4fe4e81c7641fc4f88341814c4d50d\",\"name\":\"Antton Huffschmitt\",\"image\":{\"@type\":\"ImageObject\",\"inLanguage\":\"eu-ES\",\"@id\":\"https:\\\/\\\/secure.gravatar.com\\\/avatar\\\/819631295d844ed3c5149839070afeca0dd1fe77ca8b4dbe01cbb4bcc5945875?s=96&d=mm&r=g\",\"url\":\"https:\\\/\\\/secure.gravatar.com\\\/avatar\\\/819631295d844ed3c5149839070afeca0dd1fe77ca8b4dbe01cbb4bcc5945875?s=96&d=mm&r=g\",\"contentUrl\":\"https:\\\/\\\/secure.gravatar.com\\\/avatar\\\/819631295d844ed3c5149839070afeca0dd1fe77ca8b4dbe01cbb4bcc5945875?s=96&d=mm&r=g\",\"caption\":\"Antton Huffschmitt\"},\"url\":\"https:\\\/\\\/www.hasparren-rugby.eus\\\/eu\\\/actualites\\\/author\\\/antton\"}]}<\/script>\n<!-- \/ Yoast SEO plugin. -->","yoast_head_json":{"title":"Nos cadettes pr\u00e9parent le championnat - Hasparren Athl\u00e9tic Club","description":"Week-end de coh\u00e9sion pour nos cadettes avec des jeux de force basque et une soir\u00e9e autour du feu. Cette ann\u00e9e nos cadettes joueront \u00e0 15.","robots":{"index":"index","follow":"follow","max-snippet":"max-snippet:-1","max-image-preview":"max-image-preview:large","max-video-preview":"max-video-preview:-1"},"canonical":"https:\/\/www.hasparren-rugby.eus\/eu\/actualites\/cadettes-2\/nos-cadettes-preparent-le-championnat","og_locale":"eu_ES","og_type":"article","og_title":"Nos cadettes pr\u00e9parent le championnat - Hasparren Athl\u00e9tic Club","og_description":"Week-end de coh\u00e9sion pour nos cadettes avec des jeux de force basque et une soir\u00e9e autour du feu. Cette ann\u00e9e nos cadettes joueront \u00e0 15.","og_url":"https:\/\/www.hasparren-rugby.eus\/eu\/actualites\/cadettes-2\/nos-cadettes-preparent-le-championnat","og_site_name":"Hasparren Athl\u00e9tic Club","article_published_time":"2025-09-15T18:27:58+00:00","article_modified_time":"2025-09-15T18:27:59+00:00","og_image":[{"width":2040,"height":918,"url":"https:\/\/www.hasparren-rugby.eus\/wp-content\/uploads\/2025\/09\/IMG-20250913-WA0001.jpg","type":"image\/jpeg"}],"author":"Antton Huffschmitt","twitter_card":"summary_large_image","twitter_misc":{"Written by":"Antton Huffschmitt","Est. reading time":"2 minutes"},"schema":{"@context":"https:\/\/schema.org","@graph":[{"@type":"Article","@id":"https:\/\/www.hasparren-rugby.eus\/eu\/actualites\/cadettes-2\/nos-cadettes-preparent-le-championnat#article","isPartOf":{"@id":"https:\/\/www.hasparren-rugby.eus\/eu\/actualites\/cadettes-2\/nos-cadettes-preparent-le-championnat"},"author":{"name":"Antton Huffschmitt","@id":"https:\/\/www.hasparren-rugby.eus\/eu#\/schema\/person\/5b4fe4e81c7641fc4f88341814c4d50d"},"headline":"Nos cadettes pr\u00e9parent le championnat","datePublished":"2025-09-15T18:27:58+00:00","dateModified":"2025-09-15T18:27:59+00:00","mainEntityOfPage":{"@id":"https:\/\/www.hasparren-rugby.eus\/eu\/actualites\/cadettes-2\/nos-cadettes-preparent-le-championnat"},"wordCount":106,"commentCount":0,"publisher":{"@id":"https:\/\/www.hasparren-rugby.eus\/eu#organization"},"image":{"@id":"https:\/\/www.hasparren-rugby.eus\/eu\/actualites\/cadettes-2\/nos-cadettes-preparent-le-championnat#primaryimage"},"thumbnailUrl":"https:\/\/www.hasparren-rugby.eus\/wp-content\/uploads\/2025\/09\/IMG-20250913-WA0001.jpg","articleSection":["Cadettes","Cadettes"],"inLanguage":"eu-ES","potentialAction":[{"@type":"CommentAction","name":"Comment","target":["https:\/\/www.hasparren-rugby.eus\/eu\/actualites\/cadettes-2\/nos-cadettes-preparent-le-championnat#respond"]}]},{"@type":"WebPage","@id":"https:\/\/www.hasparren-rugby.eus\/eu\/actualites\/cadettes-2\/nos-cadettes-preparent-le-championnat","url":"https:\/\/www.hasparren-rugby.eus\/eu\/actualites\/cadettes-2\/nos-cadettes-preparent-le-championnat","name":"Nos cadettes pr\u00e9parent le championnat - Hasparren Athl\u00e9tic Club","isPartOf":{"@id":"https:\/\/www.hasparren-rugby.eus\/eu#website"},"primaryImageOfPage":{"@id":"https:\/\/www.hasparren-rugby.eus\/eu\/actualites\/cadettes-2\/nos-cadettes-preparent-le-championnat#primaryimage"},"image":{"@id":"https:\/\/www.hasparren-rugby.eus\/eu\/actualites\/cadettes-2\/nos-cadettes-preparent-le-championnat#primaryimage"},"thumbnailUrl":"https:\/\/www.hasparren-rugby.eus\/wp-content\/uploads\/2025\/09\/IMG-20250913-WA0001.jpg","datePublished":"2025-09-15T18:27:58+00:00","dateModified":"2025-09-15T18:27:59+00:00","description":"Week-end de coh\u00e9sion pour nos cadettes avec des jeux de force basque et une soir\u00e9e autour du feu. Cette ann\u00e9e nos cadettes joueront \u00e0 15.","breadcrumb":{"@id":"https:\/\/www.hasparren-rugby.eus\/eu\/actualites\/cadettes-2\/nos-cadettes-preparent-le-championnat#breadcrumb"},"inLanguage":"eu-ES","potentialAction":[{"@type":"ReadAction","target":["https:\/\/www.hasparren-rugby.eus\/eu\/actualites\/cadettes-2\/nos-cadettes-preparent-le-championnat"]}]},{"@type":"ImageObject","inLanguage":"eu-ES","@id":"https:\/\/www.hasparren-rugby.eus\/eu\/actualites\/cadettes-2\/nos-cadettes-preparent-le-championnat#primaryimage","url":"https:\/\/www.hasparren-rugby.eus\/wp-content\/uploads\/2025\/09\/IMG-20250913-WA0001.jpg","contentUrl":"https:\/\/www.hasparren-rugby.eus\/wp-content\/uploads\/2025\/09\/IMG-20250913-WA0001.jpg","width":2040,"height":918},{"@type":"BreadcrumbList","@id":"https:\/\/www.hasparren-rugby.eus\/eu\/actualites\/cadettes-2\/nos-cadettes-preparent-le-championnat#breadcrumb","itemListElement":[{"@type":"ListItem","position":1,"name":"Accueil","item":"https:\/\/www.hasparren-rugby.eus\/eu"},{"@type":"ListItem","position":2,"name":"Nos cadettes pr\u00e9parent le championnat"}]},{"@type":"WebSite","@id":"https:\/\/www.hasparren-rugby.eus\/eu#website","url":"https:\/\/www.hasparren-rugby.eus\/eu","name":"Hasparren Athl\u00e9tic Club","description":"","publisher":{"@id":"https:\/\/www.hasparren-rugby.eus\/eu#organization"},"potentialAction":[{"@type":"SearchAction","target":{"@type":"EntryPoint","urlTemplate":"https:\/\/www.hasparren-rugby.eus\/eu?s={search_term_string}"},"query-input":{"@type":"PropertyValueSpecification","valueRequired":true,"valueName":"search_term_string"}}],"inLanguage":"eu-ES"},{"@type":"Organization","@id":"https:\/\/www.hasparren-rugby.eus\/eu#organization","name":"Hasparren Athl\u00e9tic Club","url":"https:\/\/www.hasparren-rugby.eus\/eu","logo":{"@type":"ImageObject","inLanguage":"eu-ES","@id":"https:\/\/www.hasparren-rugby.eus\/eu#\/schema\/logo\/image\/","url":"https:\/\/www.hasparren-rugby.eus\/wp-content\/uploads\/2024\/03\/cropped-HAC-PNG.png","contentUrl":"https:\/\/www.hasparren-rugby.eus\/wp-content\/uploads\/2024\/03\/cropped-HAC-PNG.png","width":759,"height":897,"caption":"Hasparren Athl\u00e9tic Club"},"image":{"@id":"https:\/\/www.hasparren-rugby.eus\/eu#\/schema\/logo\/image\/"}},{"@type":"Person","@id":"https:\/\/www.hasparren-rugby.eus\/eu#\/schema\/person\/5b4fe4e81c7641fc4f88341814c4d50d","name":"Antton Huffschmitt","image":{"@type":"ImageObject","inLanguage":"eu-ES","@id":"https:\/\/secure.gravatar.com\/avatar\/819631295d844ed3c5149839070afeca0dd1fe77ca8b4dbe01cbb4bcc5945875?s=96&d=mm&r=g","url":"https:\/\/secure.gravatar.com\/avatar\/819631295d844ed3c5149839070afeca0dd1fe77ca8b4dbe01cbb4bcc5945875?s=96&d=mm&r=g","contentUrl":"https:\/\/secure.gravatar.com\/avatar\/819631295d844ed3c5149839070afeca0dd1fe77ca8b4dbe01cbb4bcc5945875?s=96&d=mm&r=g","caption":"Antton Huffschmitt"},"url":"https:\/\/www.hasparren-rugby.eus\/eu\/actualites\/author\/antton"}]}},"_links":{"self":[{"href":"https:\/\/www.hasparren-rugby.eus\/eu\/wp-json\/wp\/v2\/posts\/33159","targetHints":{"allow":["GET"]}}],"collection":[{"href":"https:\/\/www.hasparren-rugby.eus\/eu\/wp-json\/wp\/v2\/posts"}],"about":[{"href":"https:\/\/www.hasparren-rugby.eus\/eu\/wp-json\/wp\/v2\/types\/post"}],"author":[{"embeddable":true,"href":"https:\/\/www.hasparren-rugby.eus\/eu\/wp-json\/wp\/v2\/users\/6"}],"replies":[{"embeddable":true,"href":"https:\/\/www.hasparren-rugby.eus\/eu\/wp-json\/wp\/v2\/comments?post=33159"}],"version-history":[{"count":1,"href":"https:\/\/www.hasparren-rugby.eus\/eu\/wp-json\/wp\/v2\/posts\/33159\/revisions"}],"predecessor-version":[{"id":33168,"href":"https:\/\/www.hasparren-rugby.eus\/eu\/wp-json\/wp\/v2\/posts\/33159\/revisions\/33168"}],"wp:featuredmedia":[{"embeddable":true,"href":"https:\/\/www.hasparren-rugby.eus\/eu\/wp-json\/wp\/v2\/media\/33160"}],"wp:attachment":[{"href":"https:\/\/www.hasparren-rugby.eus\/eu\/wp-json\/wp\/v2\/media?parent=33159"}],"wp:term":[{"taxonomy":"category","embeddable":true,"href":"https:\/\/www.hasparren-rugby.eus\/eu\/wp-json\/wp\/v2\/categories?post=33159"},{"taxonomy":"post_tag","embeddable":true,"href":"https:\/\/www.hasparren-rugby.eus\/eu\/wp-json\/wp\/v2\/tags?post=33159"},{"taxonomy":"saison","embeddable":true,"href":"https:\/\/www.hasparren-rugby.eus\/eu\/wp-json\/wp\/v2\/saison?post=33159"}],"curies":[{"name":"wp","href":"https:\/\/api.w.org\/{rel}","templated":true}]}}